{"id":4536,"date":"2023-08-08T14:41:01","date_gmt":"2023-08-08T12:41:01","guid":{"rendered":"https:\/\/www.rifugiolecave.it\/?p=4536"},"modified":"2023-08-08T14:41:05","modified_gmt":"2023-08-08T12:41:05","slug":"gli-eventi-di-settembre-a-cave","status":"publish","type":"post","link":"https:\/\/www.rifugiolecave.it\/index.php\/gli-eventi-di-settembre-a-cave\/","title":{"rendered":"Gli eventi di Settembre a Cave!"},"content":{"rendered":"\n<p>Preparatevi per un settembre di avventure nel cuore della Riserva! Al Rifugio Le Cave, il bramito del cervo sta per tornare, e quest&#8217;anno abbiamo in serbo qualcosa di nuovo per voi.<\/p>\n\n\n\n<p>Prenota direttamente sul nostro sito col nuovo format online:\u00a0<a href=\"https:\/\/l.facebook.com\/l.php?u=https%3A%2F%2Fwww.rifugiolecave.it%2Findex.php%2Fprenotazione-evento%2F%3Ffbclid%3DIwAR1y1tkupJKRxa1Jhr8XTcBP0QubW1_5pbUyA0dRdWo7RvPRAok8Pxjggto&amp;h=AT3D8boUQnueI35TwlqdP4bqzafEhGVeF8b92bE-BVhwyqDrqRkOoAwdcprUj3M8g46QakzsIVZ7kaM351Z07cVqIerxBwkCV5Wcp-NmOPXtAMtCD-HIndPK_1_EOLOvtc5XIlI&amp;__tn__=q&amp;c[0]=AT1WhB-2u9GVoUwQScrv80SgZub6ksmrbUrOMWdUWTRI4Letv34kgI4fZtG0XdI1oGo1-d9HnjYkB1RiXmLWExMYgVOQnWLyklmG6H0RqVUBU0_KC-P8G7DHFZ8pdhqGmIUZXGUe-aqSuLvnky3vTjBPsVJB\" target=\"_blank\" rel=\"noreferrer noopener\">https:\/\/www.rifugiolecave.it\/index.php\/prenotazione-evento\/<\/a><\/p>\n\n\n\n<h2 class=\"wp-block-heading\"><strong>SABATO 2 SETTEMBRE &#8211; STASERA TORTELLI!<\/strong><\/h2>\n\n\n\n<p>Cena a base di tortelli immersi nella natura della Riserva!<\/p>\n\n\n\n<p>Antipasto, tris di tortelli, dolce, vino, caff\u00e8<br>Dalle ore 19,00<\/p>\n\n\n\n<p>Contributo di partecipazione:<br>Cena 25 euro adulti &#8211; 12 bambini 5-11 anni<br>Mezza Pensione 40 euro adulti &#8211; 35 euro bambini 5-11 anni<\/p>\n\n\n\n<h2 class=\"wp-block-heading\"><strong>SABATO 9 e SABATO 30 SETTEMBRE &#8211; ESCURSIONE BRAMITO &#8220;CLASSIC&#8221;<\/strong><\/h2>\n\n\n\n<p><img loading=\"lazy\" decoding=\"async\" height=\"16\" width=\"16\" src=\"https:\/\/static.xx.fbcdn.net\/images\/emoji.php\/v9\/t7f\/2\/16\/1f31f.png\" alt=\"\ud83c\udf1f\"><img loading=\"lazy\" decoding=\"async\" height=\"16\" width=\"16\" src=\"https:\/\/static.xx.fbcdn.net\/images\/emoji.php\/v9\/tdb\/2\/16\/1f98c.png\" alt=\"\ud83e\udd8c\">\u00a0Il bramito del Cervo: un incontro con il Re delle Montagne\u00a0<img loading=\"lazy\" decoding=\"async\" height=\"16\" width=\"16\" src=\"https:\/\/static.xx.fbcdn.net\/images\/emoji.php\/v9\/tdb\/2\/16\/1f98c.png\" alt=\"\ud83e\udd8c\"><img loading=\"lazy\" decoding=\"async\" height=\"16\" width=\"16\" src=\"https:\/\/static.xx.fbcdn.net\/images\/emoji.php\/v9\/t7f\/2\/16\/1f31f.png\" alt=\"\ud83c\udf1f\"><br>Grazie a una breve presentazione al Centro Visite di Cantagallo, conosceremo meglio questo maestoso animale, sovrano delle nostre montagne. Poi, ci avventureremo lungo un sentiero diretto al Rifugio Le Cave. Attorno a noi, risuoner\u00e0 l&#8217;emozionante richiamo amoroso del cervo, un suono selvaggio da non dimenticare!<\/p>\n\n\n\n<p>Dopo una cena gustosa al rifugio, ci addentreremo nel bosco al buio, continuando ad ascoltare il suo richiamo unico.&nbsp;<img loading=\"lazy\" decoding=\"async\" height=\"16\" width=\"16\" alt=\"\ud83c\udf19\" src=\"https:\/\/static.xx.fbcdn.net\/images\/emoji.php\/v9\/td2\/2\/16\/1f319.png\"><img loading=\"lazy\" decoding=\"async\" height=\"16\" width=\"16\" alt=\"\ud83d\udd26\" src=\"https:\/\/static.xx.fbcdn.net\/images\/emoji.php\/v9\/t70\/2\/16\/1f526.png\"><br>Per chi lo desidera, c&#8217;\u00e8 la possibilit\u00e0 di pernottare nel rifugio, oppure potrete fare ritorno alle auto in compagnia della nostra guida ambientale.<\/p>\n\n\n\n<p>L&#8217;escursione \u00e8 adatta anche a bambini e bambine, accompagnati dai propri genitori.<\/p>\n\n\n\n<p><img loading=\"lazy\" decoding=\"async\" height=\"16\" width=\"16\" alt=\"\ud83c\udf32\" src=\"https:\/\/static.xx.fbcdn.net\/images\/emoji.php\/v9\/t89\/2\/16\/1f332.png\"><img loading=\"lazy\" decoding=\"async\" height=\"16\" width=\"16\" alt=\"\ud83e\udd8c\" src=\"https:\/\/static.xx.fbcdn.net\/images\/emoji.php\/v9\/tdb\/2\/16\/1f98c.png\">&nbsp;DETTAGLI DELL&#8217;ESCURSIONE:<br><img loading=\"lazy\" decoding=\"async\" height=\"16\" width=\"16\" alt=\"\ud83d\udcc5\" src=\"https:\/\/static.xx.fbcdn.net\/images\/emoji.php\/v9\/t1d\/2\/16\/1f4c5.png\">&nbsp;Data: 9 settembre o 30 settembre 2023<br><img loading=\"lazy\" decoding=\"async\" height=\"16\" width=\"16\" alt=\"\u23f0\" src=\"https:\/\/static.xx.fbcdn.net\/images\/emoji.php\/v9\/tb5\/2\/16\/23f0.png\">&nbsp;Ritrovo: ore 16.30 presso il Centro Visite di Cantagallo<br><img loading=\"lazy\" decoding=\"async\" height=\"16\" width=\"16\" alt=\"\ud83c\udf74\" src=\"https:\/\/static.xx.fbcdn.net\/images\/emoji.php\/v9\/t7\/2\/16\/1f374.png\">&nbsp;Cena: Porta il tuo pranzo al sacco o prenota una cena presso il Rifugio<br><img loading=\"lazy\" decoding=\"async\" height=\"16\" width=\"16\" alt=\"\ud83d\udeb6\u200d\u2640\ufe0f\" src=\"https:\/\/static.xx.fbcdn.net\/images\/emoji.php\/v9\/t6f\/2\/16\/1f6b6_200d_2640.png\">&nbsp;Rientro: previsto intorno alle ore 23.00, oppure scegli di pernottare al Rifugio<br><img loading=\"lazy\" decoding=\"async\" height=\"16\" width=\"16\" alt=\"\u26a0\ufe0f\" src=\"https:\/\/static.xx.fbcdn.net\/images\/emoji.php\/v9\/t5d\/2\/16\/26a0.png\">&nbsp;Abbigliamento: Indossa vestiti comodi, scarponi da trekking e porta una torcia<br><img loading=\"lazy\" decoding=\"async\" height=\"16\" width=\"16\" alt=\"\u274c\" src=\"https:\/\/static.xx.fbcdn.net\/images\/emoji.php\/v9\/t5e\/2\/16\/274c.png\">&nbsp;Animali domestici: Purtroppo, i nostri amici a quattro zampe non possono partecipare per garantire il massimo ascolto del richiamo del cervo.<\/p>\n\n\n\n<p><img loading=\"lazy\" decoding=\"async\" height=\"16\" width=\"16\" alt=\"\ud83d\udcb0\" src=\"https:\/\/static.xx.fbcdn.net\/images\/emoji.php\/v9\/tf9\/2\/16\/1f4b0.png\">&nbsp;CONTRIBUTO PER PARTECIPARE ALL&#8217;EVENTO:<\/p>\n\n\n\n<p><img loading=\"lazy\" decoding=\"async\" height=\"16\" width=\"16\" src=\"https:\/\/static.xx.fbcdn.net\/images\/emoji.php\/v9\/t6b\/2\/16\/1f449_1f3fb.png\" alt=\"\ud83d\udc49\ud83c\udffb\">\u00a0Escursione: Adulti \u20ac15, Bambini sotto gli 11 anni \u20ac11, Bambini sotto i 5 anni GRATIS (uno per famiglia)<br><img loading=\"lazy\" decoding=\"async\" height=\"16\" width=\"16\" src=\"https:\/\/static.xx.fbcdn.net\/images\/emoji.php\/v9\/t6b\/2\/16\/1f449_1f3fb.png\" alt=\"\ud83d\udc49\ud83c\udffb\">\u00a0Cena: Adulti \u20ac25, Bambini sotto gli 11 anni \u20ac12, Bambini sotto i 5 anni GRATIS (uno per famiglia)<br><img loading=\"lazy\" decoding=\"async\" height=\"16\" width=\"16\" src=\"https:\/\/static.xx.fbcdn.net\/images\/emoji.php\/v9\/t6b\/2\/16\/1f449_1f3fb.png\" alt=\"\ud83d\udc49\ud83c\udffb\">\u00a0Mezza Pensione: Adulti \u20ac40, Bambini sotto gli 11 anni \u20ac35, Bambini sotto i 5 anni GRATIS (uno per famiglia)<br><img loading=\"lazy\" decoding=\"async\" height=\"16\" width=\"16\" src=\"https:\/\/static.xx.fbcdn.net\/images\/emoji.php\/v9\/t5d\/2\/16\/26a0.png\" alt=\"\u26a0\ufe0f\">\u00a0Tieni presente che l&#8217;escursione potrebbe subire modifiche o essere rimandata a causa delle condizioni meteorologiche. Rimaniamo flessibili!<\/p>\n\n\n\n<h2 class=\"wp-block-heading\">SABATO 16 E SABATO 23 SETTEMBRE &#8211; ESCURSIONE BRAMITO &#8220;WILD&#8221;<\/h2>\n\n\n\n<p><img loading=\"lazy\" decoding=\"async\" height=\"16\" width=\"16\" alt=\"\ud83c\udf32\" src=\"https:\/\/static.xx.fbcdn.net\/images\/emoji.php\/v9\/t89\/2\/16\/1f332.png\"><img loading=\"lazy\" decoding=\"async\" height=\"16\" width=\"16\" alt=\"\ud83e\udd7e\" src=\"https:\/\/static.xx.fbcdn.net\/images\/emoji.php\/v9\/t3e\/2\/16\/1f97e.png\">&nbsp;ESPERIENZA TREKKING E NATURA&nbsp;<img loading=\"lazy\" decoding=\"async\" height=\"16\" width=\"16\" alt=\"\ud83e\udd7e\" src=\"https:\/\/static.xx.fbcdn.net\/images\/emoji.php\/v9\/t3e\/2\/16\/1f97e.png\"><img loading=\"lazy\" decoding=\"async\" height=\"16\" width=\"16\" alt=\"\ud83c\udf32\" src=\"https:\/\/static.xx.fbcdn.net\/images\/emoji.php\/v9\/t89\/2\/16\/1f332.png\"><\/p>\n\n\n\n<p><img loading=\"lazy\" decoding=\"async\" height=\"16\" width=\"16\" alt=\"\ud83c\udf1f\" src=\"https:\/\/static.xx.fbcdn.net\/images\/emoji.php\/v9\/t7f\/2\/16\/1f31f.png\">&nbsp;Unisciti a noi per un&#8217;avventura indimenticabile!&nbsp;<img loading=\"lazy\" decoding=\"async\" height=\"16\" width=\"16\" alt=\"\ud83c\udf1f\" src=\"https:\/\/static.xx.fbcdn.net\/images\/emoji.php\/v9\/t7f\/2\/16\/1f31f.png\">&nbsp;Quest&#8217;anno, le guide ambientali del Rifugio Le Cave hanno creato un nuovo formato di escursione dedicato alla stagione dell&#8217;amore del re dei boschi.<\/p>\n\n\n\n<p>Una versione pi\u00f9 &#8220;wild&#8221;, con una camminata pi\u00f9 lunga per un&#8217;esperienza ancor pi\u00f9 coinvolgente all&#8217;interno della Riserva, e la possibilit\u00e0 di dormire in tenda per ascoltare i suoni del bosco in questo periodo dell&#8217;anno.<\/p>\n\n\n\n<p>Dopo cena (porta il tuo pranzo al sacco o prenota la cena presso il rifugio), per coloro che lo desiderano, ci sar\u00e0 un ritorno notturno al Centro Visite di Cantagallo insieme alle nostre guide ambientali.<\/p>\n\n\n\n<p>Date le caratteristiche dell&#8217;escursione, consigliamo la partecipazione a chi \u00e8 abituato a camminare.<\/p>\n\n\n\n<p><img loading=\"lazy\" decoding=\"async\" height=\"16\" width=\"16\" alt=\"\ud83c\udf3f\" src=\"https:\/\/static.xx.fbcdn.net\/images\/emoji.php\/v9\/tbd\/2\/16\/1f33f.png\"><img loading=\"lazy\" decoding=\"async\" height=\"16\" width=\"16\" alt=\"\ud83e\udd8c\" src=\"https:\/\/static.xx.fbcdn.net\/images\/emoji.php\/v9\/tdb\/2\/16\/1f98c.png\">&nbsp;DETTAGLI DELL&#8217;ESCURSIONE:<br><img loading=\"lazy\" decoding=\"async\" height=\"16\" width=\"16\" alt=\"\ud83d\udcc5\" src=\"https:\/\/static.xx.fbcdn.net\/images\/emoji.php\/v9\/t1d\/2\/16\/1f4c5.png\">&nbsp;Data: 16 settembre e 23 settembre 2023<br><img loading=\"lazy\" decoding=\"async\" height=\"16\" width=\"16\" alt=\"\u23f0\" src=\"https:\/\/static.xx.fbcdn.net\/images\/emoji.php\/v9\/tb5\/2\/16\/23f0.png\">&nbsp;Ritrovo: ore 14.30 presso il Centro Visite di Cantagallo<\/p>\n\n\n\n<p><img loading=\"lazy\" decoding=\"async\" height=\"16\" width=\"16\" alt=\"\ud83d\udeb6\u200d\u2642\ufe0f\" src=\"https:\/\/static.xx.fbcdn.net\/images\/emoji.php\/v9\/t71\/2\/16\/1f6b6_200d_2642.png\">&nbsp;Caratteristiche:<br>&#8211; Lunghezza (Cantagallo &#8211; Cave): 9 km<br>&#8211; Dislivello: 600 m<br>&#8211; Durata: circa 4 ore e mezzo<br>&#8211; Difficolt\u00e0: E\/EE &#8211; medio\/impegnativo per il dislivello<br><img loading=\"lazy\" decoding=\"async\" height=\"16\" width=\"16\" alt=\"\ud83c\udf19\" src=\"https:\/\/static.xx.fbcdn.net\/images\/emoji.php\/v9\/td2\/2\/16\/1f319.png\">&nbsp;Rientro: previsto intorno alle ore 23.00, oppure scegli di pernottare al Rifugio<br><img loading=\"lazy\" decoding=\"async\" height=\"16\" width=\"16\" alt=\"\u26a0\ufe0f\" src=\"https:\/\/static.xx.fbcdn.net\/images\/emoji.php\/v9\/t5d\/2\/16\/26a0.png\">&nbsp;L&#8217;escursione potrebbe subire modifiche o essere rimandata in caso di maltempo. Ti consigliamo abbigliamento comodo, scarponi da trekking e una torcia.<\/p>\n\n\n\n<p><img loading=\"lazy\" decoding=\"async\" height=\"16\" width=\"16\" alt=\"\u274c\" src=\"https:\/\/static.xx.fbcdn.net\/images\/emoji.php\/v9\/t5e\/2\/16\/274c.png\">&nbsp;Purtroppo, i nostri amici a quattro zampe non possono partecipare per garantire il massimo ascolto del richiamo del cervo.<\/p>\n\n\n\n<p><img loading=\"lazy\" decoding=\"async\" height=\"16\" width=\"16\" alt=\"\ud83d\udcb0\" src=\"https:\/\/static.xx.fbcdn.net\/images\/emoji.php\/v9\/tf9\/2\/16\/1f4b0.png\">&nbsp;CONTRIBUTO PER PARTECIPARE ALL&#8217;EVENTO:<br><img loading=\"lazy\" decoding=\"async\" height=\"16\" width=\"16\" alt=\"\ud83d\udc49\ud83c\udffb\" src=\"https:\/\/static.xx.fbcdn.net\/images\/emoji.php\/v9\/t6b\/2\/16\/1f449_1f3fb.png\">&nbsp;Escursione: Adulti \u20ac15, Bambini sotto gli 11 anni \u20ac11, Bambini sotto i 5 anni GRATIS (uno per famiglia)<br><img loading=\"lazy\" decoding=\"async\" height=\"16\" width=\"16\" alt=\"\ud83d\udc49\ud83c\udffb\" src=\"https:\/\/static.xx.fbcdn.net\/images\/emoji.php\/v9\/t6b\/2\/16\/1f449_1f3fb.png\">&nbsp;Cena: Adulti \u20ac25, Bambini sotto gli 11 anni \u20ac12, Bambini sotto i 5 anni GRATIS (uno per famiglia)<br><img loading=\"lazy\" decoding=\"async\" height=\"16\" width=\"16\" alt=\"\ud83d\udc49\ud83c\udffb\" src=\"https:\/\/static.xx.fbcdn.net\/images\/emoji.php\/v9\/t6b\/2\/16\/1f449_1f3fb.png\">&nbsp;Mezza Pensione in tenda: Adulti \u20ac35 (\u20ac30 con tenda propria), Bambini sotto gli 11 anni \u20ac35, Bambini sotto i 5 anni GRATIS (uno per famiglia)<\/p>\n\n\n\n<p>Unisciti a noi per un&#8217;esperienza immersiva nella natura e nell&#8217;amore per la montagna!<\/p>\n","protected":false},"excerpt":{"rendered":"<p>Preparatevi per un settembre di avventure nel cuore della Riserva! Al Rifugio Le Cave, il bramito del cervo sta per tornare, e quest&#8217;anno abbiamo in serbo qualcosa di nuovo per voi. Prenota direttamente sul nostro sito col nuovo format online:\u00a0https:\/\/www.rifugiolecave.it\/index.php\/prenotazione-evento\/ SABATO 2 SETTEMBRE &#8211; STASERA TORTELLI! Cena a base di tortelli immersi nella natura della&#8230; <\/p>\n<div class=\"clear\"><\/div>\n<p><a href=\"https:\/\/www.rifugiolecave.it\/index.php\/gli-eventi-di-settembre-a-cave\/\" class=\"excerpt-read-more\">Read More<\/a><\/p>\n","protected":false},"author":1,"featured_media":0,"comment_status":"closed","ping_status":"open","sticky":false,"template":"","format":"standard","meta":{"footnotes":""},"categories":[1],"tags":[],"class_list":["post-4536","post","type-post","status-publish","format-standard","hentry","category-senza-categoria"],"yoast_head":"<!-- This site is optimized with the Yoast SEO plugin v27.5 - https:\/\/yoast.com\/product\/yoast-seo-wordpress\/ -->\r\n<title>Gli eventi di Settembre a Cave! - Rifugio le Cave<\/title>\r\n<meta name=\"description\" content=\"Gli eventi di settembre al Rifugio Le Cave, all&#039;interno della riserva acquerino cantagallo. Escursioni e cene a tema per vivere la natura.\" \/>\r\n<meta name=\"robots\" content=\"index, follow, max-snippet:-1, max-image-preview:large, max-video-preview:-1\" \/>\r\n<link rel=\"canonical\" href=\"https:\/\/www.rifugiolecave.it\/index.php\/gli-eventi-di-settembre-a-cave\/\" \/>\r\n<meta property=\"og:locale\" content=\"it_IT\" \/>\r\n<meta property=\"og:type\" content=\"article\" \/>\r\n<meta property=\"og:title\" content=\"Gli eventi di Settembre a Cave! - Rifugio le Cave\" \/>\r\n<meta property=\"og:description\" content=\"Gli eventi di settembre al Rifugio Le Cave, all&#039;interno della riserva acquerino cantagallo. Escursioni e cene a tema per vivere la natura.\" \/>\r\n<meta property=\"og:url\" content=\"https:\/\/www.rifugiolecave.it\/index.php\/gli-eventi-di-settembre-a-cave\/\" \/>\r\n<meta property=\"og:site_name\" content=\"Rifugio le Cave\" \/>\r\n<meta property=\"article:publisher\" content=\"https:\/\/www.facebook.com\/rifugiolecave\" \/>\r\n<meta property=\"article:published_time\" content=\"2023-08-08T12:41:01+00:00\" \/>\r\n<meta property=\"article:modified_time\" content=\"2023-08-08T12:41:05+00:00\" \/>\r\n<meta property=\"og:image\" content=\"https:\/\/static.xx.fbcdn.net\/images\/emoji.php\/v9\/t7f\/2\/16\/1f31f.png\" \/>\r\n<meta name=\"author\" content=\"cave\" \/>\r\n<meta name=\"twitter:card\" content=\"summary_large_image\" \/>\r\n<meta name=\"twitter:label1\" content=\"Scritto da\" \/>\n\t<meta name=\"twitter:data1\" content=\"cave\" \/>\n\t<meta name=\"twitter:label2\" content=\"Tempo di lettura stimato\" \/>\n\t<meta name=\"twitter:data2\" content=\"11 minuti\" \/>\r\n<script type=\"application\/ld+json\" class=\"yoast-schema-graph\">{\"@context\":\"https:\\\/\\\/schema.org\",\"@graph\":[{\"@type\":\"Article\",\"@id\":\"https:\\\/\\\/www.rifugiolecave.it\\\/index.php\\\/gli-eventi-di-settembre-a-cave\\\/#article\",\"isPartOf\":{\"@id\":\"https:\\\/\\\/www.rifugiolecave.it\\\/index.php\\\/gli-eventi-di-settembre-a-cave\\\/\"},\"author\":{\"name\":\"cave\",\"@id\":\"https:\\\/\\\/www.rifugiolecave.it\\\/#\\\/schema\\\/person\\\/3311330a13c45221dca829acf1da38ee\"},\"headline\":\"Gli eventi di Settembre a Cave!\",\"datePublished\":\"2023-08-08T12:41:01+00:00\",\"dateModified\":\"2023-08-08T12:41:05+00:00\",\"mainEntityOfPage\":{\"@id\":\"https:\\\/\\\/www.rifugiolecave.it\\\/index.php\\\/gli-eventi-di-settembre-a-cave\\\/\"},\"wordCount\":665,\"publisher\":{\"@id\":\"https:\\\/\\\/www.rifugiolecave.it\\\/#organization\"},\"image\":{\"@id\":\"https:\\\/\\\/www.rifugiolecave.it\\\/index.php\\\/gli-eventi-di-settembre-a-cave\\\/#primaryimage\"},\"thumbnailUrl\":\"https:\\\/\\\/static.xx.fbcdn.net\\\/images\\\/emoji.php\\\/v9\\\/t7f\\\/2\\\/16\\\/1f31f.png\",\"inLanguage\":\"it-IT\"},{\"@type\":\"WebPage\",\"@id\":\"https:\\\/\\\/www.rifugiolecave.it\\\/index.php\\\/gli-eventi-di-settembre-a-cave\\\/\",\"url\":\"https:\\\/\\\/www.rifugiolecave.it\\\/index.php\\\/gli-eventi-di-settembre-a-cave\\\/\",\"name\":\"Gli eventi di Settembre a Cave! - Rifugio le Cave\",\"isPartOf\":{\"@id\":\"https:\\\/\\\/www.rifugiolecave.it\\\/#website\"},\"primaryImageOfPage\":{\"@id\":\"https:\\\/\\\/www.rifugiolecave.it\\\/index.php\\\/gli-eventi-di-settembre-a-cave\\\/#primaryimage\"},\"image\":{\"@id\":\"https:\\\/\\\/www.rifugiolecave.it\\\/index.php\\\/gli-eventi-di-settembre-a-cave\\\/#primaryimage\"},\"thumbnailUrl\":\"https:\\\/\\\/static.xx.fbcdn.net\\\/images\\\/emoji.php\\\/v9\\\/t7f\\\/2\\\/16\\\/1f31f.png\",\"datePublished\":\"2023-08-08T12:41:01+00:00\",\"dateModified\":\"2023-08-08T12:41:05+00:00\",\"description\":\"Gli eventi di settembre al Rifugio Le Cave, all'interno della riserva acquerino cantagallo. Escursioni e cene a tema per vivere la natura.\",\"breadcrumb\":{\"@id\":\"https:\\\/\\\/www.rifugiolecave.it\\\/index.php\\\/gli-eventi-di-settembre-a-cave\\\/#breadcrumb\"},\"inLanguage\":\"it-IT\",\"potentialAction\":[{\"@type\":\"ReadAction\",\"target\":[\"https:\\\/\\\/www.rifugiolecave.it\\\/index.php\\\/gli-eventi-di-settembre-a-cave\\\/\"]}]},{\"@type\":\"ImageObject\",\"inLanguage\":\"it-IT\",\"@id\":\"https:\\\/\\\/www.rifugiolecave.it\\\/index.php\\\/gli-eventi-di-settembre-a-cave\\\/#primaryimage\",\"url\":\"https:\\\/\\\/static.xx.fbcdn.net\\\/images\\\/emoji.php\\\/v9\\\/t7f\\\/2\\\/16\\\/1f31f.png\",\"contentUrl\":\"https:\\\/\\\/static.xx.fbcdn.net\\\/images\\\/emoji.php\\\/v9\\\/t7f\\\/2\\\/16\\\/1f31f.png\"},{\"@type\":\"BreadcrumbList\",\"@id\":\"https:\\\/\\\/www.rifugiolecave.it\\\/index.php\\\/gli-eventi-di-settembre-a-cave\\\/#breadcrumb\",\"itemListElement\":[{\"@type\":\"ListItem\",\"position\":1,\"name\":\"Home\",\"item\":\"https:\\\/\\\/www.rifugiolecave.it\\\/\"},{\"@type\":\"ListItem\",\"position\":2,\"name\":\"Gli eventi di Settembre a Cave!\"}]},{\"@type\":\"WebSite\",\"@id\":\"https:\\\/\\\/www.rifugiolecave.it\\\/#website\",\"url\":\"https:\\\/\\\/www.rifugiolecave.it\\\/\",\"name\":\"Rifugio le Cave\",\"description\":\"Centro di educazione ambientale (CEA)\",\"publisher\":{\"@id\":\"https:\\\/\\\/www.rifugiolecave.it\\\/#organization\"},\"potentialAction\":[{\"@type\":\"SearchAction\",\"target\":{\"@type\":\"EntryPoint\",\"urlTemplate\":\"https:\\\/\\\/www.rifugiolecave.it\\\/?s={search_term_string}\"},\"query-input\":{\"@type\":\"PropertyValueSpecification\",\"valueRequired\":true,\"valueName\":\"search_term_string\"}}],\"inLanguage\":\"it-IT\"},{\"@type\":\"Organization\",\"@id\":\"https:\\\/\\\/www.rifugiolecave.it\\\/#organization\",\"name\":\"Rifugio le Cave\",\"url\":\"https:\\\/\\\/www.rifugiolecave.it\\\/\",\"logo\":{\"@type\":\"ImageObject\",\"inLanguage\":\"it-IT\",\"@id\":\"https:\\\/\\\/www.rifugiolecave.it\\\/#\\\/schema\\\/logo\\\/image\\\/\",\"url\":\"https:\\\/\\\/www.rifugiolecave.it\\\/wp-content\\\/uploads\\\/ecoturismo-nero_logo.png\",\"contentUrl\":\"https:\\\/\\\/www.rifugiolecave.it\\\/wp-content\\\/uploads\\\/ecoturismo-nero_logo.png\",\"width\":250,\"height\":245,\"caption\":\"Rifugio le Cave\"},\"image\":{\"@id\":\"https:\\\/\\\/www.rifugiolecave.it\\\/#\\\/schema\\\/logo\\\/image\\\/\"},\"sameAs\":[\"https:\\\/\\\/www.facebook.com\\\/rifugiolecave\",\"https:\\\/\\\/www.instagram.com\\\/rifugiolecave\\\/\"]},{\"@type\":\"Person\",\"@id\":\"https:\\\/\\\/www.rifugiolecave.it\\\/#\\\/schema\\\/person\\\/3311330a13c45221dca829acf1da38ee\",\"name\":\"cave\",\"image\":{\"@type\":\"ImageObject\",\"inLanguage\":\"it-IT\",\"@id\":\"https:\\\/\\\/secure.gravatar.com\\\/avatar\\\/fe26863ae1f2fdc4eb17a7be2c1f5e2dcffa69dbf94de3c8b4d051e58d6d3df2?s=96&d=mm&r=g\",\"url\":\"https:\\\/\\\/secure.gravatar.com\\\/avatar\\\/fe26863ae1f2fdc4eb17a7be2c1f5e2dcffa69dbf94de3c8b4d051e58d6d3df2?s=96&d=mm&r=g\",\"contentUrl\":\"https:\\\/\\\/secure.gravatar.com\\\/avatar\\\/fe26863ae1f2fdc4eb17a7be2c1f5e2dcffa69dbf94de3c8b4d051e58d6d3df2?s=96&d=mm&r=g\",\"caption\":\"cave\"}}]}<\/script>\r\n<!-- \/ Yoast SEO plugin. -->","yoast_head_json":{"title":"Gli eventi di Settembre a Cave! - Rifugio le Cave","description":"Gli eventi di settembre al Rifugio Le Cave, all'interno della riserva acquerino cantagallo. Escursioni e cene a tema per vivere la natura.","robots":{"index":"index","follow":"follow","max-snippet":"max-snippet:-1","max-image-preview":"max-image-preview:large","max-video-preview":"max-video-preview:-1"},"canonical":"https:\/\/www.rifugiolecave.it\/index.php\/gli-eventi-di-settembre-a-cave\/","og_locale":"it_IT","og_type":"article","og_title":"Gli eventi di Settembre a Cave! - Rifugio le Cave","og_description":"Gli eventi di settembre al Rifugio Le Cave, all'interno della riserva acquerino cantagallo. Escursioni e cene a tema per vivere la natura.","og_url":"https:\/\/www.rifugiolecave.it\/index.php\/gli-eventi-di-settembre-a-cave\/","og_site_name":"Rifugio le Cave","article_publisher":"https:\/\/www.facebook.com\/rifugiolecave","article_published_time":"2023-08-08T12:41:01+00:00","article_modified_time":"2023-08-08T12:41:05+00:00","og_image":[{"url":"https:\/\/static.xx.fbcdn.net\/images\/emoji.php\/v9\/t7f\/2\/16\/1f31f.png","type":"","width":"","height":""}],"author":"cave","twitter_card":"summary_large_image","twitter_misc":{"Scritto da":"cave","Tempo di lettura stimato":"11 minuti"},"schema":{"@context":"https:\/\/schema.org","@graph":[{"@type":"Article","@id":"https:\/\/www.rifugiolecave.it\/index.php\/gli-eventi-di-settembre-a-cave\/#article","isPartOf":{"@id":"https:\/\/www.rifugiolecave.it\/index.php\/gli-eventi-di-settembre-a-cave\/"},"author":{"name":"cave","@id":"https:\/\/www.rifugiolecave.it\/#\/schema\/person\/3311330a13c45221dca829acf1da38ee"},"headline":"Gli eventi di Settembre a Cave!","datePublished":"2023-08-08T12:41:01+00:00","dateModified":"2023-08-08T12:41:05+00:00","mainEntityOfPage":{"@id":"https:\/\/www.rifugiolecave.it\/index.php\/gli-eventi-di-settembre-a-cave\/"},"wordCount":665,"publisher":{"@id":"https:\/\/www.rifugiolecave.it\/#organization"},"image":{"@id":"https:\/\/www.rifugiolecave.it\/index.php\/gli-eventi-di-settembre-a-cave\/#primaryimage"},"thumbnailUrl":"https:\/\/static.xx.fbcdn.net\/images\/emoji.php\/v9\/t7f\/2\/16\/1f31f.png","inLanguage":"it-IT"},{"@type":"WebPage","@id":"https:\/\/www.rifugiolecave.it\/index.php\/gli-eventi-di-settembre-a-cave\/","url":"https:\/\/www.rifugiolecave.it\/index.php\/gli-eventi-di-settembre-a-cave\/","name":"Gli eventi di Settembre a Cave! - Rifugio le Cave","isPartOf":{"@id":"https:\/\/www.rifugiolecave.it\/#website"},"primaryImageOfPage":{"@id":"https:\/\/www.rifugiolecave.it\/index.php\/gli-eventi-di-settembre-a-cave\/#primaryimage"},"image":{"@id":"https:\/\/www.rifugiolecave.it\/index.php\/gli-eventi-di-settembre-a-cave\/#primaryimage"},"thumbnailUrl":"https:\/\/static.xx.fbcdn.net\/images\/emoji.php\/v9\/t7f\/2\/16\/1f31f.png","datePublished":"2023-08-08T12:41:01+00:00","dateModified":"2023-08-08T12:41:05+00:00","description":"Gli eventi di settembre al Rifugio Le Cave, all'interno della riserva acquerino cantagallo. Escursioni e cene a tema per vivere la natura.","breadcrumb":{"@id":"https:\/\/www.rifugiolecave.it\/index.php\/gli-eventi-di-settembre-a-cave\/#breadcrumb"},"inLanguage":"it-IT","potentialAction":[{"@type":"ReadAction","target":["https:\/\/www.rifugiolecave.it\/index.php\/gli-eventi-di-settembre-a-cave\/"]}]},{"@type":"ImageObject","inLanguage":"it-IT","@id":"https:\/\/www.rifugiolecave.it\/index.php\/gli-eventi-di-settembre-a-cave\/#primaryimage","url":"https:\/\/static.xx.fbcdn.net\/images\/emoji.php\/v9\/t7f\/2\/16\/1f31f.png","contentUrl":"https:\/\/static.xx.fbcdn.net\/images\/emoji.php\/v9\/t7f\/2\/16\/1f31f.png"},{"@type":"BreadcrumbList","@id":"https:\/\/www.rifugiolecave.it\/index.php\/gli-eventi-di-settembre-a-cave\/#breadcrumb","itemListElement":[{"@type":"ListItem","position":1,"name":"Home","item":"https:\/\/www.rifugiolecave.it\/"},{"@type":"ListItem","position":2,"name":"Gli eventi di Settembre a Cave!"}]},{"@type":"WebSite","@id":"https:\/\/www.rifugiolecave.it\/#website","url":"https:\/\/www.rifugiolecave.it\/","name":"Rifugio le Cave","description":"Centro di educazione ambientale (CEA)","publisher":{"@id":"https:\/\/www.rifugiolecave.it\/#organization"},"potentialAction":[{"@type":"SearchAction","target":{"@type":"EntryPoint","urlTemplate":"https:\/\/www.rifugiolecave.it\/?s={search_term_string}"},"query-input":{"@type":"PropertyValueSpecification","valueRequired":true,"valueName":"search_term_string"}}],"inLanguage":"it-IT"},{"@type":"Organization","@id":"https:\/\/www.rifugiolecave.it\/#organization","name":"Rifugio le Cave","url":"https:\/\/www.rifugiolecave.it\/","logo":{"@type":"ImageObject","inLanguage":"it-IT","@id":"https:\/\/www.rifugiolecave.it\/#\/schema\/logo\/image\/","url":"https:\/\/www.rifugiolecave.it\/wp-content\/uploads\/ecoturismo-nero_logo.png","contentUrl":"https:\/\/www.rifugiolecave.it\/wp-content\/uploads\/ecoturismo-nero_logo.png","width":250,"height":245,"caption":"Rifugio le Cave"},"image":{"@id":"https:\/\/www.rifugiolecave.it\/#\/schema\/logo\/image\/"},"sameAs":["https:\/\/www.facebook.com\/rifugiolecave","https:\/\/www.instagram.com\/rifugiolecave\/"]},{"@type":"Person","@id":"https:\/\/www.rifugiolecave.it\/#\/schema\/person\/3311330a13c45221dca829acf1da38ee","name":"cave","image":{"@type":"ImageObject","inLanguage":"it-IT","@id":"https:\/\/secure.gravatar.com\/avatar\/fe26863ae1f2fdc4eb17a7be2c1f5e2dcffa69dbf94de3c8b4d051e58d6d3df2?s=96&d=mm&r=g","url":"https:\/\/secure.gravatar.com\/avatar\/fe26863ae1f2fdc4eb17a7be2c1f5e2dcffa69dbf94de3c8b4d051e58d6d3df2?s=96&d=mm&r=g","contentUrl":"https:\/\/secure.gravatar.com\/avatar\/fe26863ae1f2fdc4eb17a7be2c1f5e2dcffa69dbf94de3c8b4d051e58d6d3df2?s=96&d=mm&r=g","caption":"cave"}}]}},"_links":{"self":[{"href":"https:\/\/www.rifugiolecave.it\/index.php\/wp-json\/wp\/v2\/posts\/4536","targetHints":{"allow":["GET"]}}],"collection":[{"href":"https:\/\/www.rifugiolecave.it\/index.php\/wp-json\/wp\/v2\/posts"}],"about":[{"href":"https:\/\/www.rifugiolecave.it\/index.php\/wp-json\/wp\/v2\/types\/post"}],"author":[{"embeddable":true,"href":"https:\/\/www.rifugiolecave.it\/index.php\/wp-json\/wp\/v2\/users\/1"}],"replies":[{"embeddable":true,"href":"https:\/\/www.rifugiolecave.it\/index.php\/wp-json\/wp\/v2\/comments?post=4536"}],"version-history":[{"count":2,"href":"https:\/\/www.rifugiolecave.it\/index.php\/wp-json\/wp\/v2\/posts\/4536\/revisions"}],"predecessor-version":[{"id":4538,"href":"https:\/\/www.rifugiolecave.it\/index.php\/wp-json\/wp\/v2\/posts\/4536\/revisions\/4538"}],"wp:attachment":[{"href":"https:\/\/www.rifugiolecave.it\/index.php\/wp-json\/wp\/v2\/media?parent=4536"}],"wp:term":[{"taxonomy":"category","embeddable":true,"href":"https:\/\/www.rifugiolecave.it\/index.php\/wp-json\/wp\/v2\/categories?post=4536"},{"taxonomy":"post_tag","embeddable":true,"href":"https:\/\/www.rifugiolecave.it\/index.php\/wp-json\/wp\/v2\/tags?post=4536"}],"curies":[{"name":"wp","href":"https:\/\/api.w.org\/{rel}","templated":true}]}}