{"id":4532,"date":"2023-08-08T11:32:40","date_gmt":"2023-08-08T09:32:40","guid":{"rendered":"https:\/\/www.rifugiolecave.it\/?p=4532"},"modified":"2023-08-08T11:32:44","modified_gmt":"2023-08-08T09:32:44","slug":"ferragosto-al-rifugio-le-cave-2","status":"publish","type":"post","link":"https:\/\/www.rifugiolecave.it\/index.php\/ferragosto-al-rifugio-le-cave-2\/","title":{"rendered":"Ferragosto al Rifugio Le Cave"},"content":{"rendered":"\n<p>Se sei stanco del caldo cittadino e desideri trascorrere un indimenticabile fine settimana di Ferragosto a contatto con la natura, il Rifugio Le Cave, immerso nella splendida Riserva Naturale Acquerino Cantagallo, ti aspetta con le porte spalancate!<\/p>\n\n\n\n<p><strong>SCONTO DEL 10% SU PENSIONE COMPLETA<\/strong><\/p>\n\n\n\n<p>Da <strong>sabato 12 a marted\u00ec 15 agosto<\/strong>, saremo lieti di accoglierti con uno sconto imperdibile del <strong>10% sulla pensione completa <\/strong>presso il nostro rifugio. Un&#8217;opportunit\u00e0 da non perdere per vivere momenti di serenit\u00e0 e relax tra i nostri castagneti.<\/p>\n\n\n\n<p><strong>FERRAGOSTO A CAVE<\/strong><\/p>\n\n\n\n<p>E il 15 agosto, un pranzo speciale per festeggiare tutti insieme questa giornata di festa! Il &#8220;Gran Tagliere di Ferragosto di Cave&#8221; sar\u00e0 una delizia per il palato, con una selezione di salumi, formaggi, piatti freddi, torte salate, crostoni e altre squisitezze da gustare in compagnia dei tuoi amici, insieme alle birre del Birrificio Badal\u00e0 o ai nostri vini di Carmignano. E non pu\u00f2 mancare la freschezza del cocomero, caff\u00e8, ammazzacaff\u00e8 e l&#8217;opportunit\u00e0 di rilassarsi all&#8217;ombra dei castagni, sdraiati su una comoda coperta.<\/p>\n\n\n\n<p>Il contributo per il pranzo di ferragosto \u00e8 di 20 euro per gli adulti (comprensivo di una bevuta) e 15 per i bambini fino a 11 anni.<\/p>\n\n\n\n<p><img loading=\"lazy\" decoding=\"async\" height=\"16\" width=\"16\" alt=\"\ud83d\udcde\" src=\"https:\/\/static.xx.fbcdn.net\/images\/emoji.php\/v9\/tec\/2\/16\/1f4de.png\"> Per info e prenotazioni per il pernotto, chiama il seguente numero: 3386172364<\/p>\n\n\n\n<p><img loading=\"lazy\" decoding=\"async\" height=\"16\" width=\"16\" src=\"https:\/\/static.xx.fbcdn.net\/images\/emoji.php\/v9\/t37\/2\/16\/1f37d.png\" alt=\"\ud83c\udf7d\ufe0f\"> Per prenotare il pranzo, segui questo link: <a href=\"https:\/\/l.facebook.com\/l.php?u=https%3A%2F%2Fwww.rifugiolecave.it%2Findex.php%2Fprenotazione-evento%2F%3Ffbclid%3DIwAR1tpNJg8dxjrUZaE8p-WBs0hRseRJV-Il3oFTcK-Rk7UzerNwy038NSVrA&amp;h=AT0iMnBPQUsWOOlctFVfux1ufbV_d0RDUTudvYKnbm0LjvwXGLAnbhGyTXOXlGvmITBFolgPFGOhGHdVZ7PjsZ1Z4csHtyXJ0VVIVBVedBqvJLQeqCBw7dvb3opWIozYQXz-7AQ&amp;__tn__=-UK-R&amp;c[0]=AT1qBu2_ZH6z62c6JLA4c4HQaNor3mPIwuRfaDkHkJUc7prUvFbsBbqkw620hUhYTqxXqOtsCbpXnNScGjz6Kae-v6biW0sSUxtxtDe28I7TZWGzawIBp5a1IHpvu6E30Ard0M_e6DCEve4_yf6YBudDqVYMiCxQsjoXqJ_LsJqNtAVo1YR-vovdMkri5HJG_sWA3CmYycJb\" target=\"_blank\" rel=\"noreferrer noopener\">https:\/\/www.rifugiolecave.it\/index.php\/prenotazione-evento\/<\/a><\/p>\n","protected":false},"excerpt":{"rendered":"<p>Se sei stanco del caldo cittadino e desideri trascorrere un indimenticabile fine settimana di Ferragosto a contatto con la natura, il Rifugio Le Cave, immerso nella splendida Riserva Naturale Acquerino Cantagallo, ti aspetta con le porte spalancate! SCONTO DEL 10% SU PENSIONE COMPLETA Da sabato 12 a marted\u00ec 15 agosto, saremo lieti di accoglierti con&#8230; <\/p>\n<div class=\"clear\"><\/div>\n<p><a href=\"https:\/\/www.rifugiolecave.it\/index.php\/ferragosto-al-rifugio-le-cave-2\/\" class=\"excerpt-read-more\">Read More<\/a><\/p>\n","protected":false},"author":1,"featured_media":0,"comment_status":"closed","ping_status":"open","sticky":false,"template":"","format":"standard","meta":{"footnotes":""},"categories":[1],"tags":[56,16],"class_list":["post-4532","post","type-post","status-publish","format-standard","hentry","category-senza-categoria","tag-eventi","tag-rifugio-le-cave"],"yoast_head":"<!-- This site is optimized with the Yoast SEO plugin v27.5 - https:\/\/yoast.com\/product\/yoast-seo-wordpress\/ -->\r\n<title>Ferragosto al Rifugio Le Cave - Rifugio le Cave<\/title>\r\n<meta name=\"description\" content=\"Da sabato 12 a marted\u00ec 15 agosto, siamo aperti per festeggiare insieme Ferragosto: ecco quello che proponiamo quest&#039;anno\" \/>\r\n<meta name=\"robots\" content=\"index, follow, max-snippet:-1, max-image-preview:large, max-video-preview:-1\" \/>\r\n<link rel=\"canonical\" href=\"https:\/\/www.rifugiolecave.it\/index.php\/ferragosto-al-rifugio-le-cave-2\/\" \/>\r\n<meta property=\"og:locale\" content=\"it_IT\" \/>\r\n<meta property=\"og:type\" content=\"article\" \/>\r\n<meta property=\"og:title\" content=\"Ferragosto al Rifugio Le Cave - Rifugio le Cave\" \/>\r\n<meta property=\"og:description\" content=\"Da sabato 12 a marted\u00ec 15 agosto, siamo aperti per festeggiare insieme Ferragosto: ecco quello che proponiamo quest&#039;anno\" \/>\r\n<meta property=\"og:url\" content=\"https:\/\/www.rifugiolecave.it\/index.php\/ferragosto-al-rifugio-le-cave-2\/\" \/>\r\n<meta property=\"og:site_name\" content=\"Rifugio le Cave\" \/>\r\n<meta property=\"article:publisher\" content=\"https:\/\/www.facebook.com\/rifugiolecave\" \/>\r\n<meta property=\"article:published_time\" content=\"2023-08-08T09:32:40+00:00\" \/>\r\n<meta property=\"article:modified_time\" content=\"2023-08-08T09:32:44+00:00\" \/>\r\n<meta property=\"og:image\" content=\"https:\/\/static.xx.fbcdn.net\/images\/emoji.php\/v9\/tec\/2\/16\/1f4de.png\" \/>\r\n<meta name=\"author\" content=\"cave\" \/>\r\n<meta name=\"twitter:card\" content=\"summary_large_image\" \/>\r\n<meta name=\"twitter:label1\" content=\"Scritto da\" \/>\n\t<meta name=\"twitter:data1\" content=\"cave\" \/>\n\t<meta name=\"twitter:label2\" content=\"Tempo di lettura stimato\" \/>\n\t<meta name=\"twitter:data2\" content=\"2 minuti\" \/>\r\n<script type=\"application\/ld+json\" class=\"yoast-schema-graph\">{\"@context\":\"https:\\\/\\\/schema.org\",\"@graph\":[{\"@type\":\"Article\",\"@id\":\"https:\\\/\\\/www.rifugiolecave.it\\\/index.php\\\/ferragosto-al-rifugio-le-cave-2\\\/#article\",\"isPartOf\":{\"@id\":\"https:\\\/\\\/www.rifugiolecave.it\\\/index.php\\\/ferragosto-al-rifugio-le-cave-2\\\/\"},\"author\":{\"name\":\"cave\",\"@id\":\"https:\\\/\\\/www.rifugiolecave.it\\\/#\\\/schema\\\/person\\\/3311330a13c45221dca829acf1da38ee\"},\"headline\":\"Ferragosto al Rifugio Le Cave\",\"datePublished\":\"2023-08-08T09:32:40+00:00\",\"dateModified\":\"2023-08-08T09:32:44+00:00\",\"mainEntityOfPage\":{\"@id\":\"https:\\\/\\\/www.rifugiolecave.it\\\/index.php\\\/ferragosto-al-rifugio-le-cave-2\\\/\"},\"wordCount\":219,\"publisher\":{\"@id\":\"https:\\\/\\\/www.rifugiolecave.it\\\/#organization\"},\"image\":{\"@id\":\"https:\\\/\\\/www.rifugiolecave.it\\\/index.php\\\/ferragosto-al-rifugio-le-cave-2\\\/#primaryimage\"},\"thumbnailUrl\":\"https:\\\/\\\/static.xx.fbcdn.net\\\/images\\\/emoji.php\\\/v9\\\/tec\\\/2\\\/16\\\/1f4de.png\",\"keywords\":[\"eventi\",\"Rifugio Le Cave\"],\"inLanguage\":\"it-IT\"},{\"@type\":\"WebPage\",\"@id\":\"https:\\\/\\\/www.rifugiolecave.it\\\/index.php\\\/ferragosto-al-rifugio-le-cave-2\\\/\",\"url\":\"https:\\\/\\\/www.rifugiolecave.it\\\/index.php\\\/ferragosto-al-rifugio-le-cave-2\\\/\",\"name\":\"Ferragosto al Rifugio Le Cave - Rifugio le Cave\",\"isPartOf\":{\"@id\":\"https:\\\/\\\/www.rifugiolecave.it\\\/#website\"},\"primaryImageOfPage\":{\"@id\":\"https:\\\/\\\/www.rifugiolecave.it\\\/index.php\\\/ferragosto-al-rifugio-le-cave-2\\\/#primaryimage\"},\"image\":{\"@id\":\"https:\\\/\\\/www.rifugiolecave.it\\\/index.php\\\/ferragosto-al-rifugio-le-cave-2\\\/#primaryimage\"},\"thumbnailUrl\":\"https:\\\/\\\/static.xx.fbcdn.net\\\/images\\\/emoji.php\\\/v9\\\/tec\\\/2\\\/16\\\/1f4de.png\",\"datePublished\":\"2023-08-08T09:32:40+00:00\",\"dateModified\":\"2023-08-08T09:32:44+00:00\",\"description\":\"Da sabato 12 a marted\u00ec 15 agosto, siamo aperti per festeggiare insieme Ferragosto: ecco quello che proponiamo quest'anno\",\"breadcrumb\":{\"@id\":\"https:\\\/\\\/www.rifugiolecave.it\\\/index.php\\\/ferragosto-al-rifugio-le-cave-2\\\/#breadcrumb\"},\"inLanguage\":\"it-IT\",\"potentialAction\":[{\"@type\":\"ReadAction\",\"target\":[\"https:\\\/\\\/www.rifugiolecave.it\\\/index.php\\\/ferragosto-al-rifugio-le-cave-2\\\/\"]}]},{\"@type\":\"ImageObject\",\"inLanguage\":\"it-IT\",\"@id\":\"https:\\\/\\\/www.rifugiolecave.it\\\/index.php\\\/ferragosto-al-rifugio-le-cave-2\\\/#primaryimage\",\"url\":\"https:\\\/\\\/static.xx.fbcdn.net\\\/images\\\/emoji.php\\\/v9\\\/tec\\\/2\\\/16\\\/1f4de.png\",\"contentUrl\":\"https:\\\/\\\/static.xx.fbcdn.net\\\/images\\\/emoji.php\\\/v9\\\/tec\\\/2\\\/16\\\/1f4de.png\"},{\"@type\":\"BreadcrumbList\",\"@id\":\"https:\\\/\\\/www.rifugiolecave.it\\\/index.php\\\/ferragosto-al-rifugio-le-cave-2\\\/#breadcrumb\",\"itemListElement\":[{\"@type\":\"ListItem\",\"position\":1,\"name\":\"Home\",\"item\":\"https:\\\/\\\/www.rifugiolecave.it\\\/\"},{\"@type\":\"ListItem\",\"position\":2,\"name\":\"Ferragosto al Rifugio Le Cave\"}]},{\"@type\":\"WebSite\",\"@id\":\"https:\\\/\\\/www.rifugiolecave.it\\\/#website\",\"url\":\"https:\\\/\\\/www.rifugiolecave.it\\\/\",\"name\":\"Rifugio le Cave\",\"description\":\"Centro di educazione ambientale (CEA)\",\"publisher\":{\"@id\":\"https:\\\/\\\/www.rifugiolecave.it\\\/#organization\"},\"potentialAction\":[{\"@type\":\"SearchAction\",\"target\":{\"@type\":\"EntryPoint\",\"urlTemplate\":\"https:\\\/\\\/www.rifugiolecave.it\\\/?s={search_term_string}\"},\"query-input\":{\"@type\":\"PropertyValueSpecification\",\"valueRequired\":true,\"valueName\":\"search_term_string\"}}],\"inLanguage\":\"it-IT\"},{\"@type\":\"Organization\",\"@id\":\"https:\\\/\\\/www.rifugiolecave.it\\\/#organization\",\"name\":\"Rifugio le Cave\",\"url\":\"https:\\\/\\\/www.rifugiolecave.it\\\/\",\"logo\":{\"@type\":\"ImageObject\",\"inLanguage\":\"it-IT\",\"@id\":\"https:\\\/\\\/www.rifugiolecave.it\\\/#\\\/schema\\\/logo\\\/image\\\/\",\"url\":\"https:\\\/\\\/www.rifugiolecave.it\\\/wp-content\\\/uploads\\\/ecoturismo-nero_logo.png\",\"contentUrl\":\"https:\\\/\\\/www.rifugiolecave.it\\\/wp-content\\\/uploads\\\/ecoturismo-nero_logo.png\",\"width\":250,\"height\":245,\"caption\":\"Rifugio le Cave\"},\"image\":{\"@id\":\"https:\\\/\\\/www.rifugiolecave.it\\\/#\\\/schema\\\/logo\\\/image\\\/\"},\"sameAs\":[\"https:\\\/\\\/www.facebook.com\\\/rifugiolecave\",\"https:\\\/\\\/www.instagram.com\\\/rifugiolecave\\\/\"]},{\"@type\":\"Person\",\"@id\":\"https:\\\/\\\/www.rifugiolecave.it\\\/#\\\/schema\\\/person\\\/3311330a13c45221dca829acf1da38ee\",\"name\":\"cave\",\"image\":{\"@type\":\"ImageObject\",\"inLanguage\":\"it-IT\",\"@id\":\"https:\\\/\\\/secure.gravatar.com\\\/avatar\\\/fe26863ae1f2fdc4eb17a7be2c1f5e2dcffa69dbf94de3c8b4d051e58d6d3df2?s=96&d=mm&r=g\",\"url\":\"https:\\\/\\\/secure.gravatar.com\\\/avatar\\\/fe26863ae1f2fdc4eb17a7be2c1f5e2dcffa69dbf94de3c8b4d051e58d6d3df2?s=96&d=mm&r=g\",\"contentUrl\":\"https:\\\/\\\/secure.gravatar.com\\\/avatar\\\/fe26863ae1f2fdc4eb17a7be2c1f5e2dcffa69dbf94de3c8b4d051e58d6d3df2?s=96&d=mm&r=g\",\"caption\":\"cave\"}}]}<\/script>\r\n<!-- \/ Yoast SEO plugin. -->","yoast_head_json":{"title":"Ferragosto al Rifugio Le Cave - Rifugio le Cave","description":"Da sabato 12 a marted\u00ec 15 agosto, siamo aperti per festeggiare insieme Ferragosto: ecco quello che proponiamo quest'anno","robots":{"index":"index","follow":"follow","max-snippet":"max-snippet:-1","max-image-preview":"max-image-preview:large","max-video-preview":"max-video-preview:-1"},"canonical":"https:\/\/www.rifugiolecave.it\/index.php\/ferragosto-al-rifugio-le-cave-2\/","og_locale":"it_IT","og_type":"article","og_title":"Ferragosto al Rifugio Le Cave - Rifugio le Cave","og_description":"Da sabato 12 a marted\u00ec 15 agosto, siamo aperti per festeggiare insieme Ferragosto: ecco quello che proponiamo quest'anno","og_url":"https:\/\/www.rifugiolecave.it\/index.php\/ferragosto-al-rifugio-le-cave-2\/","og_site_name":"Rifugio le Cave","article_publisher":"https:\/\/www.facebook.com\/rifugiolecave","article_published_time":"2023-08-08T09:32:40+00:00","article_modified_time":"2023-08-08T09:32:44+00:00","og_image":[{"url":"https:\/\/static.xx.fbcdn.net\/images\/emoji.php\/v9\/tec\/2\/16\/1f4de.png","type":"","width":"","height":""}],"author":"cave","twitter_card":"summary_large_image","twitter_misc":{"Scritto da":"cave","Tempo di lettura stimato":"2 minuti"},"schema":{"@context":"https:\/\/schema.org","@graph":[{"@type":"Article","@id":"https:\/\/www.rifugiolecave.it\/index.php\/ferragosto-al-rifugio-le-cave-2\/#article","isPartOf":{"@id":"https:\/\/www.rifugiolecave.it\/index.php\/ferragosto-al-rifugio-le-cave-2\/"},"author":{"name":"cave","@id":"https:\/\/www.rifugiolecave.it\/#\/schema\/person\/3311330a13c45221dca829acf1da38ee"},"headline":"Ferragosto al Rifugio Le Cave","datePublished":"2023-08-08T09:32:40+00:00","dateModified":"2023-08-08T09:32:44+00:00","mainEntityOfPage":{"@id":"https:\/\/www.rifugiolecave.it\/index.php\/ferragosto-al-rifugio-le-cave-2\/"},"wordCount":219,"publisher":{"@id":"https:\/\/www.rifugiolecave.it\/#organization"},"image":{"@id":"https:\/\/www.rifugiolecave.it\/index.php\/ferragosto-al-rifugio-le-cave-2\/#primaryimage"},"thumbnailUrl":"https:\/\/static.xx.fbcdn.net\/images\/emoji.php\/v9\/tec\/2\/16\/1f4de.png","keywords":["eventi","Rifugio Le Cave"],"inLanguage":"it-IT"},{"@type":"WebPage","@id":"https:\/\/www.rifugiolecave.it\/index.php\/ferragosto-al-rifugio-le-cave-2\/","url":"https:\/\/www.rifugiolecave.it\/index.php\/ferragosto-al-rifugio-le-cave-2\/","name":"Ferragosto al Rifugio Le Cave - Rifugio le Cave","isPartOf":{"@id":"https:\/\/www.rifugiolecave.it\/#website"},"primaryImageOfPage":{"@id":"https:\/\/www.rifugiolecave.it\/index.php\/ferragosto-al-rifugio-le-cave-2\/#primaryimage"},"image":{"@id":"https:\/\/www.rifugiolecave.it\/index.php\/ferragosto-al-rifugio-le-cave-2\/#primaryimage"},"thumbnailUrl":"https:\/\/static.xx.fbcdn.net\/images\/emoji.php\/v9\/tec\/2\/16\/1f4de.png","datePublished":"2023-08-08T09:32:40+00:00","dateModified":"2023-08-08T09:32:44+00:00","description":"Da sabato 12 a marted\u00ec 15 agosto, siamo aperti per festeggiare insieme Ferragosto: ecco quello che proponiamo quest'anno","breadcrumb":{"@id":"https:\/\/www.rifugiolecave.it\/index.php\/ferragosto-al-rifugio-le-cave-2\/#breadcrumb"},"inLanguage":"it-IT","potentialAction":[{"@type":"ReadAction","target":["https:\/\/www.rifugiolecave.it\/index.php\/ferragosto-al-rifugio-le-cave-2\/"]}]},{"@type":"ImageObject","inLanguage":"it-IT","@id":"https:\/\/www.rifugiolecave.it\/index.php\/ferragosto-al-rifugio-le-cave-2\/#primaryimage","url":"https:\/\/static.xx.fbcdn.net\/images\/emoji.php\/v9\/tec\/2\/16\/1f4de.png","contentUrl":"https:\/\/static.xx.fbcdn.net\/images\/emoji.php\/v9\/tec\/2\/16\/1f4de.png"},{"@type":"BreadcrumbList","@id":"https:\/\/www.rifugiolecave.it\/index.php\/ferragosto-al-rifugio-le-cave-2\/#breadcrumb","itemListElement":[{"@type":"ListItem","position":1,"name":"Home","item":"https:\/\/www.rifugiolecave.it\/"},{"@type":"ListItem","position":2,"name":"Ferragosto al Rifugio Le Cave"}]},{"@type":"WebSite","@id":"https:\/\/www.rifugiolecave.it\/#website","url":"https:\/\/www.rifugiolecave.it\/","name":"Rifugio le Cave","description":"Centro di educazione ambientale (CEA)","publisher":{"@id":"https:\/\/www.rifugiolecave.it\/#organization"},"potentialAction":[{"@type":"SearchAction","target":{"@type":"EntryPoint","urlTemplate":"https:\/\/www.rifugiolecave.it\/?s={search_term_string}"},"query-input":{"@type":"PropertyValueSpecification","valueRequired":true,"valueName":"search_term_string"}}],"inLanguage":"it-IT"},{"@type":"Organization","@id":"https:\/\/www.rifugiolecave.it\/#organization","name":"Rifugio le Cave","url":"https:\/\/www.rifugiolecave.it\/","logo":{"@type":"ImageObject","inLanguage":"it-IT","@id":"https:\/\/www.rifugiolecave.it\/#\/schema\/logo\/image\/","url":"https:\/\/www.rifugiolecave.it\/wp-content\/uploads\/ecoturismo-nero_logo.png","contentUrl":"https:\/\/www.rifugiolecave.it\/wp-content\/uploads\/ecoturismo-nero_logo.png","width":250,"height":245,"caption":"Rifugio le Cave"},"image":{"@id":"https:\/\/www.rifugiolecave.it\/#\/schema\/logo\/image\/"},"sameAs":["https:\/\/www.facebook.com\/rifugiolecave","https:\/\/www.instagram.com\/rifugiolecave\/"]},{"@type":"Person","@id":"https:\/\/www.rifugiolecave.it\/#\/schema\/person\/3311330a13c45221dca829acf1da38ee","name":"cave","image":{"@type":"ImageObject","inLanguage":"it-IT","@id":"https:\/\/secure.gravatar.com\/avatar\/fe26863ae1f2fdc4eb17a7be2c1f5e2dcffa69dbf94de3c8b4d051e58d6d3df2?s=96&d=mm&r=g","url":"https:\/\/secure.gravatar.com\/avatar\/fe26863ae1f2fdc4eb17a7be2c1f5e2dcffa69dbf94de3c8b4d051e58d6d3df2?s=96&d=mm&r=g","contentUrl":"https:\/\/secure.gravatar.com\/avatar\/fe26863ae1f2fdc4eb17a7be2c1f5e2dcffa69dbf94de3c8b4d051e58d6d3df2?s=96&d=mm&r=g","caption":"cave"}}]}},"_links":{"self":[{"href":"https:\/\/www.rifugiolecave.it\/index.php\/wp-json\/wp\/v2\/posts\/4532","targetHints":{"allow":["GET"]}}],"collection":[{"href":"https:\/\/www.rifugiolecave.it\/index.php\/wp-json\/wp\/v2\/posts"}],"about":[{"href":"https:\/\/www.rifugiolecave.it\/index.php\/wp-json\/wp\/v2\/types\/post"}],"author":[{"embeddable":true,"href":"https:\/\/www.rifugiolecave.it\/index.php\/wp-json\/wp\/v2\/users\/1"}],"replies":[{"embeddable":true,"href":"https:\/\/www.rifugiolecave.it\/index.php\/wp-json\/wp\/v2\/comments?post=4532"}],"version-history":[{"count":2,"href":"https:\/\/www.rifugiolecave.it\/index.php\/wp-json\/wp\/v2\/posts\/4532\/revisions"}],"predecessor-version":[{"id":4534,"href":"https:\/\/www.rifugiolecave.it\/index.php\/wp-json\/wp\/v2\/posts\/4532\/revisions\/4534"}],"wp:attachment":[{"href":"https:\/\/www.rifugiolecave.it\/index.php\/wp-json\/wp\/v2\/media?parent=4532"}],"wp:term":[{"taxonomy":"category","embeddable":true,"href":"https:\/\/www.rifugiolecave.it\/index.php\/wp-json\/wp\/v2\/categories?post=4532"},{"taxonomy":"post_tag","embeddable":true,"href":"https:\/\/www.rifugiolecave.it\/index.php\/wp-json\/wp\/v2\/tags?post=4532"}],"curies":[{"name":"wp","href":"https:\/\/api.w.org\/{rel}","templated":true}]}}