{"id":4522,"date":"2023-07-28T16:43:05","date_gmt":"2023-07-28T14:43:05","guid":{"rendered":"https:\/\/www.rifugiolecave.it\/?p=4522"},"modified":"2023-07-28T16:47:10","modified_gmt":"2023-07-28T14:47:10","slug":"ferragosto-al-rifugio-le-cave","status":"publish","type":"post","link":"https:\/\/www.rifugiolecave.it\/index.php\/ferragosto-al-rifugio-le-cave\/","title":{"rendered":"Ferragosto al Rifugio Le Cave"},"content":{"rendered":"\n<p>Se sei stanco del caldo cittadino e desideri trascorrere un indimenticabile fine settimana di Ferragosto a contatto con la natura, il Rifugio Le Cave, immerso nella splendida Riserva Naturale Acquerino Cantagallo, ti aspetta con le porte spalancate!<\/p>\n\n\n\n<p><strong>Aperti dal 12 al 15 agosto: sconto sulla pensione completa!<\/strong><\/p>\n\n\n\n<p>Da sabato 12 a marted\u00ec 15 agosto, saremo lieti di accoglierti con uno sconto imperdibile del 10% sulla pensione completa presso il nostro rifugio. Un&#8217;opportunit\u00e0 da non perdere per vivere momenti di serenit\u00e0 e relax tra i panorami mozzafiato delle nostre montagne.<\/p>\n\n\n\n<p><strong>Pranzo di Ferragosto<\/strong><\/p>\n\n\n\n<p>E il 15 agosto, un pranzo speciale per festeggiare tutti insieme questa giornata di festa! Il &#8220;Gran Tagliere di Ferragosto di Cave&#8221; sar\u00e0 una delizia per il palato, con una selezione di salumi, formaggi, piatti freddi, torte salate, crostoni e altre squisitezze da gustare in compagnia dei tuoi amici. Abbinalo alla pregiata birra del Birrificio Badal\u00e0 o ai nostri vini di Carmignano per un&#8217;esperienza culinaria indimenticabile. E non pu\u00f2 mancare la freschezza del cocomero, il calore dell&#8217;ammazzacaff\u00e8 e l&#8217;opportunit\u00e0 di rilassarsi all&#8217;ombra dei castagni, sdraiati su una comoda coperta.<\/p>\n\n\n\n<p><strong>Prezzo<\/strong><\/p>\n\n\n\n<p>Il contributo per il pranzo di ferragosto \u00e8 di 20 euro per gli adulti (comprensivo di una bevuta) e 15 per i bambini fino a 11 anni.<\/p>\n\n\n\n<p>\ud83d\udcde Per info e prenotazioni per il pernotto, chiama il seguente numero: 3386172364<br>\ud83c\udf7d\ufe0f Per prenotare il pranzo, segui questo link: <a href=\"https:\/\/www.rifugiolecave.it\/index.php\/prenotazione-evento\/\">https:\/\/www.rifugiolecave.it\/index.php\/prenotazione-evento\/<\/a><\/p>\n\n\n\n<p>Non perdere l&#8217;occasione di fuggire dalla routine cittadina e regalarti un Ferragosto all&#8217;insegna della natura, delle escursioni e della buona cucina! Ti aspettiamo al Rifugio Le Cave per vivere momenti indimenticabili e rigeneranti! \ud83c\udf04\ud83c\udf1e\ud83c\udf7d\ufe0f\ud83c\udf33\ud83c\udfd5\ufe0f<\/p>\n","protected":false},"excerpt":{"rendered":"<p>Se sei stanco del caldo cittadino e desideri trascorrere un indimenticabile fine settimana di Ferragosto a contatto con la natura, il Rifugio Le Cave, immerso nella splendida Riserva Naturale Acquerino Cantagallo, ti aspetta con le porte spalancate! Aperti dal 12 al 15 agosto: sconto sulla pensione completa! Da sabato 12 a marted\u00ec 15 agosto, saremo&#8230; <\/p>\n<div class=\"clear\"><\/div>\n<p><a href=\"https:\/\/www.rifugiolecave.it\/index.php\/ferragosto-al-rifugio-le-cave\/\" class=\"excerpt-read-more\">Read More<\/a><\/p>\n","protected":false},"author":1,"featured_media":0,"comment_status":"closed","ping_status":"open","sticky":false,"template":"","format":"standard","meta":{"footnotes":""},"categories":[1],"tags":[],"class_list":["post-4522","post","type-post","status-publish","format-standard","hentry","category-senza-categoria"],"yoast_head":"<!-- This site is optimized with the Yoast SEO plugin v27.5 - https:\/\/yoast.com\/product\/yoast-seo-wordpress\/ -->\r\n<title>Ferragosto al Rifugio Le Cave - Rifugio le Cave<\/title>\r\n<meta name=\"description\" content=\"Ferragosto nella riserva naturale Acquerino Cantagallo? Vieni al Rifugio Le Cave.\" \/>\r\n<meta name=\"robots\" content=\"index, follow, max-snippet:-1, max-image-preview:large, max-video-preview:-1\" \/>\r\n<link rel=\"canonical\" href=\"https:\/\/www.rifugiolecave.it\/index.php\/ferragosto-al-rifugio-le-cave\/\" \/>\r\n<meta property=\"og:locale\" content=\"it_IT\" \/>\r\n<meta property=\"og:type\" content=\"article\" \/>\r\n<meta property=\"og:title\" content=\"Ferragosto al Rifugio Le Cave - Rifugio le Cave\" \/>\r\n<meta property=\"og:description\" content=\"Ferragosto nella riserva naturale Acquerino Cantagallo? Vieni al Rifugio Le Cave.\" \/>\r\n<meta property=\"og:url\" content=\"https:\/\/www.rifugiolecave.it\/index.php\/ferragosto-al-rifugio-le-cave\/\" \/>\r\n<meta property=\"og:site_name\" content=\"Rifugio le Cave\" \/>\r\n<meta property=\"article:publisher\" content=\"https:\/\/www.facebook.com\/rifugiolecave\" \/>\r\n<meta property=\"article:published_time\" content=\"2023-07-28T14:43:05+00:00\" \/>\r\n<meta property=\"article:modified_time\" content=\"2023-07-28T14:47:10+00:00\" \/>\r\n<meta name=\"author\" content=\"cave\" \/>\r\n<meta name=\"twitter:card\" content=\"summary_large_image\" \/>\r\n<meta name=\"twitter:label1\" content=\"Scritto da\" \/>\n\t<meta name=\"twitter:data1\" content=\"cave\" \/>\n\t<meta name=\"twitter:label2\" content=\"Tempo di lettura stimato\" \/>\n\t<meta name=\"twitter:data2\" content=\"2 minuti\" \/>\r\n<script type=\"application\/ld+json\" class=\"yoast-schema-graph\">{\"@context\":\"https:\\\/\\\/schema.org\",\"@graph\":[{\"@type\":\"Article\",\"@id\":\"https:\\\/\\\/www.rifugiolecave.it\\\/index.php\\\/ferragosto-al-rifugio-le-cave\\\/#article\",\"isPartOf\":{\"@id\":\"https:\\\/\\\/www.rifugiolecave.it\\\/index.php\\\/ferragosto-al-rifugio-le-cave\\\/\"},\"author\":{\"name\":\"cave\",\"@id\":\"https:\\\/\\\/www.rifugiolecave.it\\\/#\\\/schema\\\/person\\\/3311330a13c45221dca829acf1da38ee\"},\"headline\":\"Ferragosto al Rifugio Le Cave\",\"datePublished\":\"2023-07-28T14:43:05+00:00\",\"dateModified\":\"2023-07-28T14:47:10+00:00\",\"mainEntityOfPage\":{\"@id\":\"https:\\\/\\\/www.rifugiolecave.it\\\/index.php\\\/ferragosto-al-rifugio-le-cave\\\/\"},\"wordCount\":269,\"publisher\":{\"@id\":\"https:\\\/\\\/www.rifugiolecave.it\\\/#organization\"},\"inLanguage\":\"it-IT\"},{\"@type\":\"WebPage\",\"@id\":\"https:\\\/\\\/www.rifugiolecave.it\\\/index.php\\\/ferragosto-al-rifugio-le-cave\\\/\",\"url\":\"https:\\\/\\\/www.rifugiolecave.it\\\/index.php\\\/ferragosto-al-rifugio-le-cave\\\/\",\"name\":\"Ferragosto al Rifugio Le Cave - Rifugio le Cave\",\"isPartOf\":{\"@id\":\"https:\\\/\\\/www.rifugiolecave.it\\\/#website\"},\"datePublished\":\"2023-07-28T14:43:05+00:00\",\"dateModified\":\"2023-07-28T14:47:10+00:00\",\"description\":\"Ferragosto nella riserva naturale Acquerino Cantagallo? Vieni al Rifugio Le Cave.\",\"breadcrumb\":{\"@id\":\"https:\\\/\\\/www.rifugiolecave.it\\\/index.php\\\/ferragosto-al-rifugio-le-cave\\\/#breadcrumb\"},\"inLanguage\":\"it-IT\",\"potentialAction\":[{\"@type\":\"ReadAction\",\"target\":[\"https:\\\/\\\/www.rifugiolecave.it\\\/index.php\\\/ferragosto-al-rifugio-le-cave\\\/\"]}]},{\"@type\":\"BreadcrumbList\",\"@id\":\"https:\\\/\\\/www.rifugiolecave.it\\\/index.php\\\/ferragosto-al-rifugio-le-cave\\\/#breadcrumb\",\"itemListElement\":[{\"@type\":\"ListItem\",\"position\":1,\"name\":\"Home\",\"item\":\"https:\\\/\\\/www.rifugiolecave.it\\\/\"},{\"@type\":\"ListItem\",\"position\":2,\"name\":\"Ferragosto al Rifugio Le Cave\"}]},{\"@type\":\"WebSite\",\"@id\":\"https:\\\/\\\/www.rifugiolecave.it\\\/#website\",\"url\":\"https:\\\/\\\/www.rifugiolecave.it\\\/\",\"name\":\"Rifugio le Cave\",\"description\":\"Centro di educazione ambientale (CEA)\",\"publisher\":{\"@id\":\"https:\\\/\\\/www.rifugiolecave.it\\\/#organization\"},\"potentialAction\":[{\"@type\":\"SearchAction\",\"target\":{\"@type\":\"EntryPoint\",\"urlTemplate\":\"https:\\\/\\\/www.rifugiolecave.it\\\/?s={search_term_string}\"},\"query-input\":{\"@type\":\"PropertyValueSpecification\",\"valueRequired\":true,\"valueName\":\"search_term_string\"}}],\"inLanguage\":\"it-IT\"},{\"@type\":\"Organization\",\"@id\":\"https:\\\/\\\/www.rifugiolecave.it\\\/#organization\",\"name\":\"Rifugio le Cave\",\"url\":\"https:\\\/\\\/www.rifugiolecave.it\\\/\",\"logo\":{\"@type\":\"ImageObject\",\"inLanguage\":\"it-IT\",\"@id\":\"https:\\\/\\\/www.rifugiolecave.it\\\/#\\\/schema\\\/logo\\\/image\\\/\",\"url\":\"https:\\\/\\\/www.rifugiolecave.it\\\/wp-content\\\/uploads\\\/ecoturismo-nero_logo.png\",\"contentUrl\":\"https:\\\/\\\/www.rifugiolecave.it\\\/wp-content\\\/uploads\\\/ecoturismo-nero_logo.png\",\"width\":250,\"height\":245,\"caption\":\"Rifugio le Cave\"},\"image\":{\"@id\":\"https:\\\/\\\/www.rifugiolecave.it\\\/#\\\/schema\\\/logo\\\/image\\\/\"},\"sameAs\":[\"https:\\\/\\\/www.facebook.com\\\/rifugiolecave\",\"https:\\\/\\\/www.instagram.com\\\/rifugiolecave\\\/\"]},{\"@type\":\"Person\",\"@id\":\"https:\\\/\\\/www.rifugiolecave.it\\\/#\\\/schema\\\/person\\\/3311330a13c45221dca829acf1da38ee\",\"name\":\"cave\",\"image\":{\"@type\":\"ImageObject\",\"inLanguage\":\"it-IT\",\"@id\":\"https:\\\/\\\/secure.gravatar.com\\\/avatar\\\/fe26863ae1f2fdc4eb17a7be2c1f5e2dcffa69dbf94de3c8b4d051e58d6d3df2?s=96&d=mm&r=g\",\"url\":\"https:\\\/\\\/secure.gravatar.com\\\/avatar\\\/fe26863ae1f2fdc4eb17a7be2c1f5e2dcffa69dbf94de3c8b4d051e58d6d3df2?s=96&d=mm&r=g\",\"contentUrl\":\"https:\\\/\\\/secure.gravatar.com\\\/avatar\\\/fe26863ae1f2fdc4eb17a7be2c1f5e2dcffa69dbf94de3c8b4d051e58d6d3df2?s=96&d=mm&r=g\",\"caption\":\"cave\"}}]}<\/script>\r\n<!-- \/ Yoast SEO plugin. -->","yoast_head_json":{"title":"Ferragosto al Rifugio Le Cave - Rifugio le Cave","description":"Ferragosto nella riserva naturale Acquerino Cantagallo? Vieni al Rifugio Le Cave.","robots":{"index":"index","follow":"follow","max-snippet":"max-snippet:-1","max-image-preview":"max-image-preview:large","max-video-preview":"max-video-preview:-1"},"canonical":"https:\/\/www.rifugiolecave.it\/index.php\/ferragosto-al-rifugio-le-cave\/","og_locale":"it_IT","og_type":"article","og_title":"Ferragosto al Rifugio Le Cave - Rifugio le Cave","og_description":"Ferragosto nella riserva naturale Acquerino Cantagallo? Vieni al Rifugio Le Cave.","og_url":"https:\/\/www.rifugiolecave.it\/index.php\/ferragosto-al-rifugio-le-cave\/","og_site_name":"Rifugio le Cave","article_publisher":"https:\/\/www.facebook.com\/rifugiolecave","article_published_time":"2023-07-28T14:43:05+00:00","article_modified_time":"2023-07-28T14:47:10+00:00","author":"cave","twitter_card":"summary_large_image","twitter_misc":{"Scritto da":"cave","Tempo di lettura stimato":"2 minuti"},"schema":{"@context":"https:\/\/schema.org","@graph":[{"@type":"Article","@id":"https:\/\/www.rifugiolecave.it\/index.php\/ferragosto-al-rifugio-le-cave\/#article","isPartOf":{"@id":"https:\/\/www.rifugiolecave.it\/index.php\/ferragosto-al-rifugio-le-cave\/"},"author":{"name":"cave","@id":"https:\/\/www.rifugiolecave.it\/#\/schema\/person\/3311330a13c45221dca829acf1da38ee"},"headline":"Ferragosto al Rifugio Le Cave","datePublished":"2023-07-28T14:43:05+00:00","dateModified":"2023-07-28T14:47:10+00:00","mainEntityOfPage":{"@id":"https:\/\/www.rifugiolecave.it\/index.php\/ferragosto-al-rifugio-le-cave\/"},"wordCount":269,"publisher":{"@id":"https:\/\/www.rifugiolecave.it\/#organization"},"inLanguage":"it-IT"},{"@type":"WebPage","@id":"https:\/\/www.rifugiolecave.it\/index.php\/ferragosto-al-rifugio-le-cave\/","url":"https:\/\/www.rifugiolecave.it\/index.php\/ferragosto-al-rifugio-le-cave\/","name":"Ferragosto al Rifugio Le Cave - Rifugio le Cave","isPartOf":{"@id":"https:\/\/www.rifugiolecave.it\/#website"},"datePublished":"2023-07-28T14:43:05+00:00","dateModified":"2023-07-28T14:47:10+00:00","description":"Ferragosto nella riserva naturale Acquerino Cantagallo? Vieni al Rifugio Le Cave.","breadcrumb":{"@id":"https:\/\/www.rifugiolecave.it\/index.php\/ferragosto-al-rifugio-le-cave\/#breadcrumb"},"inLanguage":"it-IT","potentialAction":[{"@type":"ReadAction","target":["https:\/\/www.rifugiolecave.it\/index.php\/ferragosto-al-rifugio-le-cave\/"]}]},{"@type":"BreadcrumbList","@id":"https:\/\/www.rifugiolecave.it\/index.php\/ferragosto-al-rifugio-le-cave\/#breadcrumb","itemListElement":[{"@type":"ListItem","position":1,"name":"Home","item":"https:\/\/www.rifugiolecave.it\/"},{"@type":"ListItem","position":2,"name":"Ferragosto al Rifugio Le Cave"}]},{"@type":"WebSite","@id":"https:\/\/www.rifugiolecave.it\/#website","url":"https:\/\/www.rifugiolecave.it\/","name":"Rifugio le Cave","description":"Centro di educazione ambientale (CEA)","publisher":{"@id":"https:\/\/www.rifugiolecave.it\/#organization"},"potentialAction":[{"@type":"SearchAction","target":{"@type":"EntryPoint","urlTemplate":"https:\/\/www.rifugiolecave.it\/?s={search_term_string}"},"query-input":{"@type":"PropertyValueSpecification","valueRequired":true,"valueName":"search_term_string"}}],"inLanguage":"it-IT"},{"@type":"Organization","@id":"https:\/\/www.rifugiolecave.it\/#organization","name":"Rifugio le Cave","url":"https:\/\/www.rifugiolecave.it\/","logo":{"@type":"ImageObject","inLanguage":"it-IT","@id":"https:\/\/www.rifugiolecave.it\/#\/schema\/logo\/image\/","url":"https:\/\/www.rifugiolecave.it\/wp-content\/uploads\/ecoturismo-nero_logo.png","contentUrl":"https:\/\/www.rifugiolecave.it\/wp-content\/uploads\/ecoturismo-nero_logo.png","width":250,"height":245,"caption":"Rifugio le Cave"},"image":{"@id":"https:\/\/www.rifugiolecave.it\/#\/schema\/logo\/image\/"},"sameAs":["https:\/\/www.facebook.com\/rifugiolecave","https:\/\/www.instagram.com\/rifugiolecave\/"]},{"@type":"Person","@id":"https:\/\/www.rifugiolecave.it\/#\/schema\/person\/3311330a13c45221dca829acf1da38ee","name":"cave","image":{"@type":"ImageObject","inLanguage":"it-IT","@id":"https:\/\/secure.gravatar.com\/avatar\/fe26863ae1f2fdc4eb17a7be2c1f5e2dcffa69dbf94de3c8b4d051e58d6d3df2?s=96&d=mm&r=g","url":"https:\/\/secure.gravatar.com\/avatar\/fe26863ae1f2fdc4eb17a7be2c1f5e2dcffa69dbf94de3c8b4d051e58d6d3df2?s=96&d=mm&r=g","contentUrl":"https:\/\/secure.gravatar.com\/avatar\/fe26863ae1f2fdc4eb17a7be2c1f5e2dcffa69dbf94de3c8b4d051e58d6d3df2?s=96&d=mm&r=g","caption":"cave"}}]}},"_links":{"self":[{"href":"https:\/\/www.rifugiolecave.it\/index.php\/wp-json\/wp\/v2\/posts\/4522","targetHints":{"allow":["GET"]}}],"collection":[{"href":"https:\/\/www.rifugiolecave.it\/index.php\/wp-json\/wp\/v2\/posts"}],"about":[{"href":"https:\/\/www.rifugiolecave.it\/index.php\/wp-json\/wp\/v2\/types\/post"}],"author":[{"embeddable":true,"href":"https:\/\/www.rifugiolecave.it\/index.php\/wp-json\/wp\/v2\/users\/1"}],"replies":[{"embeddable":true,"href":"https:\/\/www.rifugiolecave.it\/index.php\/wp-json\/wp\/v2\/comments?post=4522"}],"version-history":[{"count":3,"href":"https:\/\/www.rifugiolecave.it\/index.php\/wp-json\/wp\/v2\/posts\/4522\/revisions"}],"predecessor-version":[{"id":4525,"href":"https:\/\/www.rifugiolecave.it\/index.php\/wp-json\/wp\/v2\/posts\/4522\/revisions\/4525"}],"wp:attachment":[{"href":"https:\/\/www.rifugiolecave.it\/index.php\/wp-json\/wp\/v2\/media?parent=4522"}],"wp:term":[{"taxonomy":"category","embeddable":true,"href":"https:\/\/www.rifugiolecave.it\/index.php\/wp-json\/wp\/v2\/categories?post=4522"},{"taxonomy":"post_tag","embeddable":true,"href":"https:\/\/www.rifugiolecave.it\/index.php\/wp-json\/wp\/v2\/tags?post=4522"}],"curies":[{"name":"wp","href":"https:\/\/api.w.org\/{rel}","templated":true}]}}